{"id":243873,"date":"2023-03-06T22:42:00","date_gmt":"2023-03-06T20:42:00","guid":{"rendered":"https:\/\/visit-latin-america.com\/in-quito-discover-the-choco-andino-nature-reserve\/"},"modified":"2026-04-22T22:45:38","modified_gmt":"2026-04-22T20:45:38","slug":"in-quito-discover-the-choco-andino-nature-reserve","status":"publish","type":"post","link":"https:\/\/visit-latin-america.com\/es\/in-quito-discover-the-choco-andino-nature-reserve\/","title":{"rendered":"In Quito, discover the Choc\u00f3 Andino nature reserve"},"content":{"rendered":"\n<p>La ciudad de Quito promueve actividades vinculadas a la conservaci\u00f3n, la biodiversidad y el ecoturismo para visitantes locales, nacionales y extranjeros.<\/p>\n\n\n\n<hr class=\"wp-block-separator has-alpha-channel-opacity\"\/>\n\n\n\n<h5 class=\"wp-block-heading\">&nbsp;<\/h5>\n\n\n\n<p>Entre los atractivos de la capital de <a href=\"https:\/\/visit-latin-america.com\/es\/p\/ecuador\/\" target=\"_blank\" rel=\"noopener\"><strong><mark style=\"background-color:rgba(0, 0, 0, 0)\" class=\"has-inline-color has-black-color\">Ecuador<\/mark><\/strong><\/a>, Quito, se encuentra la Reserva de Bi\u00f3sfera Choc\u00f3 Andino, ubicada en la zona noroeste de la provincia de Pichincha, que, con una superficie de 286.805 hect\u00e1reas, se extiende principalmente (83%) dentro del Distrito Metropolitano y alcanza los cantones de San Miguel de los Bancos y Pedro Vicente Maldonado.<\/p>\n\n\n\n<p>La reserva del Choc\u00f3 Andino es rica en flora y fauna, con 12 tipos de bosques, m\u00e1s de 3.200 especies de plantas, 5 cuencas hidrogr\u00e1ficas, m\u00e1s de 140 especies de anfibios y al menos 270 especies de mam\u00edferos, entre ellos el oso de anteojos, pumas, olonguitos, entre otros.<\/p>\n\n\n<div class=\"wp-block-image wp-image-214777\">\n<figure class=\"alignleft is-resized\"><img fetchpriority=\"high\" decoding=\"async\" width=\"356\" height=\"267\" src=\"https:\/\/test.visit-latin-america.com\/wp-content\/uploads\/2023\/03\/Dario-Hipo-Zamarrito-Pechinegro-Eriocnemis-nigrivestis-red.jpg\" alt=\"Black-breasted puffleg (Eriocnemis nigrivestis) - Cr\u00e9dito: Dario Hipo \" class=\"wp-image-214777\" style=\"width:356px;height:auto\" srcset=\"https:\/\/visit-latin-america.com\/wp-content\/uploads\/2023\/03\/Dario-Hipo-Zamarrito-Pechinegro-Eriocnemis-nigrivestis-red.jpg 356w, https:\/\/visit-latin-america.com\/wp-content\/uploads\/2023\/03\/Dario-Hipo-Zamarrito-Pechinegro-Eriocnemis-nigrivestis-red-300x225.jpg 300w\" sizes=\"(max-width: 356px) 100vw, 356px\" \/><figcaption class=\"wp-element-caption\">Eriocnemis nigrivestis \u2013 Cr\u00e9dito: Dario Hipo<\/figcaption><\/figure>\n<\/div>\n\n\n<p>Adem\u00e1s, en el territorio del Choc\u00f3 Andino ubicado en el Distrito Metropolitano se han registrado 55 especies de colibr\u00edes y 542 especies de aves, 64 end\u00e9micas a nivel nacional y 1 end\u00e9mica exclusiva a nivel mundial, el zapaculo negro (Eriocnemis nigrivestis), un ave emblem\u00e1tica de Quito.<\/p>\n\n\n\n<p>Dada la alta biodiversidad de la regi\u00f3n, la Oficina de Turismo de Quito trabaja de forma constante para promover la capital como un destino de observaci\u00f3n de aves y ecoturismo.  <\/p>\n\n\n\n<div style=\"height:3px\" aria-hidden=\"true\" class=\"wp-block-spacer\"><\/div>\n\n\n<div class=\"wp-block-image wp-image-214775\">\n<figure class=\"alignright is-resized\"><img decoding=\"async\" width=\"628\" height=\"267\" src=\"https:\/\/test.visit-latin-america.com\/wp-content\/uploads\/2023\/03\/quitoaves-1200x600-red.jpg\" alt=\"Credito: Mashpi Lodge\/Municipio de Quito\" class=\"wp-image-214775\" style=\"width:451px;height:auto\" srcset=\"https:\/\/visit-latin-america.com\/wp-content\/uploads\/2023\/03\/quitoaves-1200x600-red.jpg 628w, https:\/\/visit-latin-america.com\/wp-content\/uploads\/2023\/03\/quitoaves-1200x600-red-300x128.jpg 300w\" sizes=\"(max-width: 628px) 100vw, 628px\" \/><figcaption class=\"wp-element-caption\">Credito: Mashpi Lodge\/Municipio de Quito<\/figcaption><\/figure>\n<\/div>\n\n\n<p>En este contexto, se celebrar\u00e1 la XII Feria Internacional de Aves de Am\u00e9rica del Sur del 25 al 30 de octubre en Mindo, ubicado a una hora y media al noroeste de la ciudad.<\/p>\n\n\n\n<p>La observaci\u00f3n de aves es una forma de turismo en crecimiento que ayuda a diversificar la econom\u00eda, ya que el nivel de gasto tur\u00edstico en este segmento es alto y, en la mayor\u00eda de los casos, los visitantes regresan al destino para una nueva visita.<\/p>\n\n\n\n<p>La Reserva de Bi\u00f3sfera Choc\u00f3 Andino es conocida por su alta biodiversidad, lo que atrae a observadores de aves de todo el mundo que viajan a la regi\u00f3n del Choc\u00f3 Andino para contemplar la gran variedad de aves presentes en la zona.<\/p>\n\n\n\n<p>&nbsp;<\/p>\n\n\n\n<p class=\"has-small-font-size\"><em>Fuente: <a href=\"https:\/\/www.quito-turismo.gob.ec\/\" data-type=\"link\" data-id=\"https:\/\/www.quito-turismo.gob.ec\/\" target=\"_blank\" rel=\"noreferrer noopener\"><mark style=\"background-color:rgba(0, 0, 0, 0)\" class=\"has-inline-color has-black-color\">Quito Turismo<\/mark><\/a><\/em><\/p>\n\n\n\n<div style=\"height:30px\" aria-hidden=\"true\" class=\"wp-block-spacer\"><\/div>\n\n\n\n<figure class=\"wp-block-embed is-type-video is-provider-youtube wp-block-embed-youtube wp-embed-aspect-16-9 wp-has-aspect-ratio\"><div class=\"wp-block-embed__wrapper\">\n<iframe title=\"\u00a1Ven, visita el maravilloso Choc\u00f3 Andino de Pichincha!\" width=\"800\" height=\"450\" src=\"https:\/\/www.youtube.com\/embed\/kGR0qPK9o6s?feature=oembed\" frameborder=\"0\" allow=\"accelerometer; autoplay; clipboard-write; encrypted-media; gyroscope; picture-in-picture; web-share\" referrerpolicy=\"strict-origin-when-cross-origin\" allowfullscreen><\/iframe>\n<\/div><\/figure>\n","protected":false},"excerpt":{"rendered":"<p>Descubre la Reserva de Bi\u00f3sfera Choc\u00f3 Andino en Quito, un para\u00edso de biodiversidad ideal para ecoturismo y observaci\u00f3n de aves.<\/p>\n","protected":false},"author":1,"featured_media":243874,"comment_status":"closed","ping_status":"closed","sticky":false,"template":"","format":"standard","meta":{"footnotes":""},"categories":[23173],"tags":[39276,36810,39262,39275,39267,39257,39254,39258,39270,39252,39263,24809,39272,28209,29677,39264,39274,39259,39260,39256,39269,27317,38873,39271,39265,39266,38566,39255,39261,39273,30778,39253,39268,22340],"class_list":["post-243873","post","type-post","status-publish","format-standard","has-post-thumbnail","hentry","category-destinos","tag-andes-biodiversidad","tag-andes-ecuatorianos","tag-aves-ecuador","tag-aves-endemicas-ecuador","tag-biodiversidad-andina-2","tag-biodiversidad-ecuador","tag-birdwatching-ecuador","tag-bosque-nublado","tag-bosques-tropicales","tag-choco-andino-2","tag-colibries-ecuador","tag-conservacion-ambiental","tag-destinos-ecologicos-america-latina","tag-ecoturismo-ecuador","tag-ecuador-2","tag-eriocnemis-nigrivestis","tag-especies-endemicas-ecuador","tag-fauna-del-choco-andino","tag-flora-del-choco-andino","tag-mindo","tag-naturaleza-ecuador-2","tag-observacion-de-aves","tag-oso-de-anteojos","tag-parques-naturales-ecuador","tag-pichincha-ecuador","tag-puma-andino","tag-quito-es","tag-reserva-de-biosfera-choco-andino","tag-reservas-naturales-ecuador","tag-rutas-ecologicas-ecuador","tag-turismo-cientifico","tag-turismo-de-naturaleza-2","tag-turismo-en-quito","tag-turismo-sostenible"],"_links":{"self":[{"href":"https:\/\/visit-latin-america.com\/es\/wp-json\/wp\/v2\/posts\/243873","targetHints":{"allow":["GET"]}}],"collection":[{"href":"https:\/\/visit-latin-america.com\/es\/wp-json\/wp\/v2\/posts"}],"about":[{"href":"https:\/\/visit-latin-america.com\/es\/wp-json\/wp\/v2\/types\/post"}],"author":[{"embeddable":true,"href":"https:\/\/visit-latin-america.com\/es\/wp-json\/wp\/v2\/users\/1"}],"replies":[{"embeddable":true,"href":"https:\/\/visit-latin-america.com\/es\/wp-json\/wp\/v2\/comments?post=243873"}],"version-history":[{"count":3,"href":"https:\/\/visit-latin-america.com\/es\/wp-json\/wp\/v2\/posts\/243873\/revisions"}],"predecessor-version":[{"id":243877,"href":"https:\/\/visit-latin-america.com\/es\/wp-json\/wp\/v2\/posts\/243873\/revisions\/243877"}],"wp:featuredmedia":[{"embeddable":true,"href":"https:\/\/visit-latin-america.com\/es\/wp-json\/wp\/v2\/media\/243874"}],"wp:attachment":[{"href":"https:\/\/visit-latin-america.com\/es\/wp-json\/wp\/v2\/media?parent=243873"}],"wp:term":[{"taxonomy":"category","embeddable":true,"href":"https:\/\/visit-latin-america.com\/es\/wp-json\/wp\/v2\/categories?post=243873"},{"taxonomy":"post_tag","embeddable":true,"href":"https:\/\/visit-latin-america.com\/es\/wp-json\/wp\/v2\/tags?post=243873"}],"curies":[{"name":"wp","href":"https:\/\/api.w.org\/{rel}","templated":true}]}}