{"id":243886,"date":"2021-03-11T16:17:00","date_gmt":"2021-03-11T14:17:00","guid":{"rendered":"https:\/\/visit-latin-america.com\/kogis-sociedades-de-raiz-hoy-testimonio-arcaico-o-fuente-de-inspiracion-para-el-futuro\/"},"modified":"2026-04-23T16:19:43","modified_gmt":"2026-04-23T14:19:43","slug":"kogis-sociedades-de-raiz-hoy-testimonio-arcaico-o-fuente-de-inspiracion-para-el-futuro","status":"publish","type":"post","link":"https:\/\/visit-latin-america.com\/es\/kogis-sociedades-de-raiz-hoy-testimonio-arcaico-o-fuente-de-inspiracion-para-el-futuro\/","title":{"rendered":"Kogis; sociedades de ra\u00edz hoy: \u00bftestimonio arcaico o fuente de inspiraci\u00f3n para el futuro?"},"content":{"rendered":"\n<p class=\"has-small-font-size\"> Texto de la Asociaci\u00f3n Tchendukua, fotos de Eric Julien \u2013 publicado originalmente en <strong><a target=\"_blank\" rel=\"noopener noreferrer\" href=\"http:\/\/www.elcafelatino.org\">www.elcafelatino.org<\/a><\/strong><\/p>\n\n<hr class=\"wp-block-separator has-alpha-channel-opacity\"\/>\n\n<p>Hay muchas palabras para describirlos: ind\u00edgenas, arcaicos, nativos, tradicionales, primitivos, salvajes, naturales, de ra\u00edz\u2026 Son alrededor de 300 millones, distribuidos en 77 pa\u00edses. Colonizados por invasores que se proclamaron a s\u00ed mismos \u201ccivilizados\u201d, fueron reducidos a la esclavitud, v\u00edctimas de desplazamientos forzados y diezmados por epidemias importadas por los colonizadores. Hoy, algunos de ellos se est\u00e1n organizando para defender su identidad, sus derechos y sus territorios, pero luchan por hacerse o\u00edr. Frente a la sobreexplotaci\u00f3n de los recursos naturales en sus tierras ancestrales y a la presi\u00f3n de la modernidad, su supervivencia est\u00e1 m\u00e1s amenazada que nunca.    <\/p>\n\n<p>Sin embargo, estas \u201csociedades\u201d, que nunca han roto su v\u00ednculo con la naturaleza y con la vida, transmiten mensajes esenciales, una fuente de inspiraci\u00f3n ante los grandes desaf\u00edos de nuestras sociedades modernas.<\/p>\n\n<div style=\"height:30px\" aria-hidden=\"true\" class=\"wp-block-spacer\"><\/div>\n<div class=\"wp-block-image\">\n<figure class=\"alignright\"><img fetchpriority=\"high\" decoding=\"async\" width=\"960\" height=\"600\" src=\"https:\/\/test.visit-latin-america.com\/site\/wp-content\/uploads\/2021\/03\/IMG_2694-photo-web.jpg\" alt=\"\" class=\"wp-image-212183\" srcset=\"https:\/\/visit-latin-america.com\/wp-content\/uploads\/2021\/03\/IMG_2694-photo-web.jpg 960w, https:\/\/visit-latin-america.com\/wp-content\/uploads\/2021\/03\/IMG_2694-photo-web-300x188.jpg 300w, https:\/\/visit-latin-america.com\/wp-content\/uploads\/2021\/03\/IMG_2694-photo-web-768x480.jpg 768w\" sizes=\"(max-width: 960px) 100vw, 960px\" \/><\/figure>\n<\/div>\n<p><\/p>\n\n<div style=\"height:30px\" aria-hidden=\"true\" class=\"wp-block-spacer\"><\/div>\n\n<p>Los kogis, pueblo amerindio que vive en Colombia, forman parte de estas sociedades. Son unos 20.000, con una continuidad hist\u00f3rica de 4.000 a\u00f1os sin interrupci\u00f3n. Son herederos de la civilizaci\u00f3n precolombina de los tayrona, al igual que los wiwas, los arhuacos y los kankuamos. Expulsados de sus territorios por la colonizaci\u00f3n, la violencia y el mundo \u201cmoderno\u201d, viven retirados en las zonas altas de la Sierra Nevada de Santa Marta, el macizo costero m\u00e1s alto del mundo y un lugar de excepcional biodiversidad. Para los kogis, la Sierra Nevada es m\u00e1s que una monta\u00f1a: representa el \u201ccoraz\u00f3n del mundo\u201d, donde la \u201cMadre Tierra\u201d les transmite los c\u00f3digos morales y espirituales que rigen todos los aspectos de su sociedad. Seg\u00fan su visi\u00f3n del mundo, los kogis son los \u201cguardianes de la Tierra\u201d: su papel es mantener los grandes equilibrios de la naturaleza. En un momento en que la Sierra sufre deforestaci\u00f3n, contaminaci\u00f3n, narcotr\u00e1fico y megaproyectos, trabajan para sanar la Tierra, permitiendo que el bosque recupere sus derechos, que regresen los animales y que vuelvan a fluir los manantiales.     <\/p>\n<div class=\"wp-block-image\">\n<figure class=\"alignleft\"><img decoding=\"async\" src=\"https:\/\/test.visit-latin-america.com\/site\/wp-content\/uploads\/2021\/03\/073&#xA9;Eric-Julien-N-copie-photo-web.jpg\" alt=\"\" class=\"wp-image-212184\"\/><\/figure>\n<\/div>\n<p><\/p>\n\n<div style=\"height:27px\" aria-hidden=\"true\" class=\"wp-block-spacer\"><\/div>\n\n<p>\u00bfC\u00f3mo pueden estas personas tan distintas, que viven sin electricidad ni dinero en medio del bosque, inspirarnos? En primer lugar porque, m\u00e1s all\u00e1 de sus diferencias, los kogis son seres humanos enfrentados a las mismas preguntas esenciales que todas las sociedades: decidir, sanar, esperar, amar, construir, so\u00f1ar, gestionar un conflicto\u2026 Como dec\u00eda el antrop\u00f3logo Claude L\u00e9vi-Strauss: \u201cno hay civilizaciones primitivas ni civilizaciones evolucionadas, solo respuestas diferentes a problemas fundamentales id\u00e9nticos\u201d. Para los kogis, estas respuestas se basan en principios de vida inherentes a la naturaleza y no en leyes dictadas por los hombres. As\u00ed lo describen Marie-H\u00e9l\u00e8ne Straus y Eric Julien, respectivamente presidenta y director de Tchendukua \u2013 Ici et Ailleurs, una asociaci\u00f3n que ayuda a los kogis a recuperar sus tierras ancestrales. En su libro Le choix du vivant, los autores analizan nueve principios esenciales de la sociedad kogi y c\u00f3mo pueden trasladarse a empresas y organizaciones. Entre ellos est\u00e1n la alteridad, o el principio del \u201cdos\u201d, y la b\u00fasqueda constante del equilibrio entre fuerzas opuestas pero complementarias: calor y fr\u00edo, femenino y masculino, d\u00eda y noche. Tambi\u00e9n la interdependencia y la cooperaci\u00f3n necesaria para alcanzar objetivos comunes.        <\/p>\n\n<div style=\"height:29px\" aria-hidden=\"true\" class=\"wp-block-spacer\"><\/div>\n<div class=\"wp-block-image\">\n<figure class=\"alignright\"><img decoding=\"async\" src=\"https:\/\/test.visit-latin-america.com\/site\/wp-content\/uploads\/2021\/03\/011&#xA9;Eric-Julien-EN-copie-photo-web.jpg\" alt=\"\" class=\"wp-image-212186\"\/><\/figure>\n<\/div>\n<p><\/p>\n\n<div style=\"height:30px\" aria-hidden=\"true\" class=\"wp-block-spacer\"><\/div>\n\n<p><strong><\/strong>Poco a poco, se van construyendo puentes entre los conocimientos milenarios de los pueblos de ra\u00edz y los descubrimientos cient\u00edficos. La comunicaci\u00f3n entre los \u00e1rboles es un ejemplo: recientemente se ha demostrado cient\u00edficamente que los \u00e1rboles son capaces de transmitir informaci\u00f3n entre s\u00ed, al menos cuando su supervivencia est\u00e1 en juego. En Europa esto es un descubrimiento; para los kogis, es una evidencia que nunca se ha olvidado.   <\/p>\n\n<p>Hoy, es sobre todo en el desarrollo t\u00e9cnico donde la naturaleza inspira, a trav\u00e9s de la biom\u00edmesis. Los kogis y otros pueblos de ra\u00edz muestran que los principios inspirados en lo vivo tambi\u00e9n son ricos en ense\u00f1anzas sociales y humanas, capaces de contener la violencia y la destrucci\u00f3n. <\/p>\n\n<p>En un momento en que el planeta ha entrado en una nueva era geol\u00f3gica, el antropoceno, caracterizada por el impacto de las actividades humanas sobre el clima y los ecosistemas, resulta urgente cuestionar nuestra relaci\u00f3n con la naturaleza. Ser\u00eda absurdo intentar convertirse en kogi o adoptar su cultura sin criterio. Se trata simplemente de abrirse a otras formas de comprender el mundo, de descolonizar nuestra imaginaci\u00f3n y de escuchar sus palabras, \u201cla voz de la naturaleza\u201d.  <\/p>\n\n<div style=\"height:45px\" aria-hidden=\"true\" class=\"wp-block-spacer\"><\/div>\n\n<h2 class=\"wp-block-heading\"><strong>\u201cLa elecci\u00f3n de lo vivo: 9 principios para gestionar y vivir en armon\u00eda\u201d.<\/strong><\/h2>\n\n<p>Reinventar las t\u00e9cnicas de gesti\u00f3n de nuestras empresas inspir\u00e1ndose en las pr\u00e1cticas sociales m\u00e1s antiguas, basadas en una alta conciencia de los \u201cprincipios de la vida\u201d. Esa es la idea defendida por esta obra esencial para desarrollar una nueva \u201cespiral evolutiva para una gesti\u00f3n viva\u201d. <\/p>\n\n<p>En un momento en que nuestro modelo de sociedad, basado en el crecimiento exponencial en un mundo finito, conduce al agotamiento de los recursos naturales y al mismo tiempo al burnout de los trabajadores, los autores proponen un camino de resiliencia que permite redescubrir el sentido de lo vivo.<\/p>\n<div class=\"wp-block-image\">\n<figure class=\"alignleft is-resized\"><img decoding=\"async\" src=\"https:\/\/test.visit-latin-america.com\/site\/wp-content\/uploads\/2021\/03\/Principal-053&#xA9;Eric-Julien-K-copie-photo-web.jpg\" alt=\"\" class=\"wp-image-212185\" style=\"width:257px;height:auto\"\/><\/figure>\n<\/div>\n<p>Y han encontrado este camino inspir\u00e1ndose en los ind\u00edgenas kogis, herederos de las sociedades precolombinas: frente a trabajadores que afirman sentirse desorientados por el estilo de gesti\u00f3n de sus superiores, los kogis muestran una capacidad de comunicaci\u00f3n y de resoluci\u00f3n de conflictos que resulta revolucionaria para imaginar un mundo profesional m\u00e1s responsable, eficaz y pac\u00edfico.<\/p>\n\n<p>Fueron necesarios seis a\u00f1os de investigaci\u00f3n para identificar los nueve \u201cprincipios de lo vivo\u201d, reflejo de los nueve principios biol\u00f3gicos implementados por los kogis, que tienden a nutrir una \u201cespiral evolutiva para una gesti\u00f3n viva\u201d. Probados con \u00e9xito en numerosas empresas francesas e internacionales, estos principios permiten atravesar crisis, ser m\u00e1s reactivos, m\u00e1s justos y m\u00e1s duraderos, para reinventarse y evolucionar con la vida. <\/p>\n\n<div style=\"height:3px\" aria-hidden=\"true\" class=\"wp-block-spacer\"><\/div>\n\n<p>\u00a0<\/p>\n\n<h2 class=\"wp-block-heading\"><strong>Tchendukua \u2013 Aqu\u00ed y All\u00e1<\/strong><\/h2>\n\n<p>Patrocinada por Pierre Richard, Edgar Morin y Thierry Janssen, la asociaci\u00f3n Tchendukua \u2013 Ici et Ailleurs (miembro de la UICN) acompa\u00f1a a las sociedades de ra\u00edz, en particular a los kogis y wiwas, en la recuperaci\u00f3n de sus tierras ancestrales, la preservaci\u00f3n y reconstrucci\u00f3n de la biodiversidad, y la transmisi\u00f3n y valorizaci\u00f3n de sus conocimientos tradicionales.<\/p>\n\n<p>Desde su creaci\u00f3n, la asociaci\u00f3n intenta encarnar los valores que fundamentan la sociedad kogi: responsabilidad, equilibrio, solidaridad, escucha y armon\u00eda. En Francia y Europa, facilita el di\u00e1logo y los encuentros entre su tradici\u00f3n y nuestra modernidad, con el fin de imaginar un futuro con sentido. Re\u00fane a quienes desean preservar un modo de vida basado en el respeto por la naturaleza, los dem\u00e1s y la b\u00fasqueda del equilibrio.  <\/p>\n\n<p>La asociaci\u00f3n fue fundada en 1997 por Eric Julien: tras ser rescatado de un edema pulmonar por los kogis cuando exploraba su territorio, decidi\u00f3, a petici\u00f3n de ellos, ayudarles a recuperar sus tierras ancestrales. En 20 a\u00f1os, m\u00e1s de 1.700 hect\u00e1reas han sido devueltas, en las que se han asentado 50 familias y donde el bosque tropical ha podido regenerarse. En 2015 se organiz\u00f3 la primera devoluci\u00f3n de objetos de oro precolombinos, saqueados por los conquistadores.  <\/p>\n","protected":false},"excerpt":{"rendered":"<p>Descubre a los koguis, guardianes de la sabidur\u00eda ancestral en Colombia. Una sociedad arraigada que inspira un futuro en armon\u00eda con la naturaleza y los valores tradicionales. <\/p>\n","protected":false},"author":1,"featured_media":243887,"comment_status":"closed","ping_status":"closed","sticky":false,"template":"","format":"standard","meta":{"footnotes":""},"categories":[23104,23104],"tags":[38913,39408,37536,39412,39421,29683,39415,39416,24809,39405,35383,39410,39418,39420,39413,39423,23603,39411,39406,38474,39419,39403,39424,39409,27634,39417,30358,30036,39407,27311,39404,27651,32551,39422,39414],"class_list":{"0":"post-243886","1":"post","2":"type-post","3":"status-publish","4":"format-standard","5":"has-post-thumbnail","6":"hentry","7":"category-cultura","9":"tag-america-latina-5","10":"tag-antropoceno","11":"tag-biodiversidad-2","12":"tag-biomimesis","13":"tag-claude-levi-strauss","14":"tag-colombia-4","15":"tag-colonizacion","16":"tag-conocimientos-ancestrales","17":"tag-conservacion-ambiental","18":"tag-cosmovision-indigena","19":"tag-cultura-precolombina","20":"tag-ecologia-ancestral","21":"tag-ecologia-social","22":"tag-equilibrio-femenino-masculino","23":"tag-equilibrio-natural","24":"tag-eric-julien","25":"tag-espiritualidad-indigena","26":"tag-gestion-inspirada-en-la-naturaleza","27":"tag-guardianes-de-la-tierra","28":"tag-identidad-cultural-3","29":"tag-interdependencia","30":"tag-kogis","31":"tag-marie-helene-straus","32":"tag-modernidad-y-tradicion","33":"tag-naturaleza","34":"tag-organizacion-comunitaria","35":"tag-pueblos-indigenas","36":"tag-resiliencia","37":"tag-saberes-tradicionales","38":"tag-sierra-nevada-de-santa-marta","39":"tag-sociedades-de-raiz","40":"tag-sostenibilidad-3","41":"tag-tayrona-es","42":"tag-tchendukua","43":"tag-territorio-indigena"},"_links":{"self":[{"href":"https:\/\/visit-latin-america.com\/es\/wp-json\/wp\/v2\/posts\/243886","targetHints":{"allow":["GET"]}}],"collection":[{"href":"https:\/\/visit-latin-america.com\/es\/wp-json\/wp\/v2\/posts"}],"about":[{"href":"https:\/\/visit-latin-america.com\/es\/wp-json\/wp\/v2\/types\/post"}],"author":[{"embeddable":true,"href":"https:\/\/visit-latin-america.com\/es\/wp-json\/wp\/v2\/users\/1"}],"replies":[{"embeddable":true,"href":"https:\/\/visit-latin-america.com\/es\/wp-json\/wp\/v2\/comments?post=243886"}],"version-history":[{"count":1,"href":"https:\/\/visit-latin-america.com\/es\/wp-json\/wp\/v2\/posts\/243886\/revisions"}],"predecessor-version":[{"id":243888,"href":"https:\/\/visit-latin-america.com\/es\/wp-json\/wp\/v2\/posts\/243886\/revisions\/243888"}],"wp:featuredmedia":[{"embeddable":true,"href":"https:\/\/visit-latin-america.com\/es\/wp-json\/wp\/v2\/media\/243887"}],"wp:attachment":[{"href":"https:\/\/visit-latin-america.com\/es\/wp-json\/wp\/v2\/media?parent=243886"}],"wp:term":[{"taxonomy":"category","embeddable":true,"href":"https:\/\/visit-latin-america.com\/es\/wp-json\/wp\/v2\/categories?post=243886"},{"taxonomy":"post_tag","embeddable":true,"href":"https:\/\/visit-latin-america.com\/es\/wp-json\/wp\/v2\/tags?post=243886"}],"curies":[{"name":"wp","href":"https:\/\/api.w.org\/{rel}","templated":true}]}}