{"id":243894,"date":"2023-02-15T16:55:00","date_gmt":"2023-02-15T14:55:00","guid":{"rendered":"https:\/\/visit-latin-america.com\/el-rucu-pichincha-un-desafio-accesible-desde-el-teleferico-de-quito\/"},"modified":"2026-04-23T16:57:32","modified_gmt":"2026-04-23T14:57:32","slug":"el-rucu-pichincha-un-desafio-accesible-desde-el-teleferico-de-quito","status":"publish","type":"post","link":"https:\/\/visit-latin-america.com\/es\/el-rucu-pichincha-un-desafio-accesible-desde-el-teleferico-de-quito\/","title":{"rendered":"El Rucu Pichincha: un desaf\u00edo accesible desde el telef\u00e9rico de Quito"},"content":{"rendered":"\n<p class=\"has-small-font-size\">Texto de Thierry Singer de Polignac \u2013 <strong>Este art\u00edculo fue publicado originalmente en <a href=\"http:\/\/www.elcafelatino.org\/\" target=\"_blank\" rel=\"noreferrer noopener\">www.elcafelatino.org<\/a><\/strong><\/p>\n\n<p>Justo al norte de Quito, la capital ecuatoriana, el volc\u00e1n Pichincha domina la ciudad. La \u00faltima vez que cubri\u00f3 la ciudad de ceniza fue en 1999 y dio su nombre a la provincia de Pichincha, de la cual Quito forma parte. <\/p>\n\n<p>El volc\u00e1n est\u00e1 compuesto en realidad por dos picos distintos: el Rucu Pichincha (conocido como \u201cPichincha viejo\u201d en quechua), de 4.698 m, y el Guagua Pichincha (conocido como \u201cPichincha ni\u00f1o\u201d), de 4.784 m. Por lo tanto, el primero es el \u201cm\u00e1s peque\u00f1o\u201d de los dos. Se puede acceder directamente desde el telef\u00e9rico de Quito.  <\/p>\n\n<p>En el pasado, el sendero era en algunos tramos bastante peligroso, con bandas que merodeaban la monta\u00f1a y asaltaban a los turistas. Al ver que la ascensi\u00f3n a este volc\u00e1n se volv\u00eda cada vez m\u00e1s popular entre los visitantes, el gobierno ecuatoriano realiz\u00f3 un importante trabajo para asegurar la zona: hoy en d\u00eda es seguro caminar por all\u00ed. <\/p>\n\n<p>El camino hacia el volc\u00e1n es relativamente f\u00e1cil de encontrar. Basta con seguir la senda con la hermosa vista de Quito a la derecha, y pronto aparecer\u00e1 el letrero de Volc\u00e1n Pichincha. El sendero es claramente visible; solo hay que seguir las huellas donde la vegetaci\u00f3n ha desaparecido por el pisoteo (aunque a veces se vuelve menos claro a medida que se acerca la cima).  <\/p>\n\n<p>Al inicio, el camino sube y luego baja, atravesando algunas colinas cubiertas de hierba desde donde se disfruta una vista impresionante de Quito ocupando todo el valle. Ya en este punto se comprende que la caminata no ser\u00e1 un simple paseo. La altitud supera ya los 4.100 m y respirar se vuelve dif\u00edcil.<br\/>  <\/p>\n\n<p>Poco a poco, el paisaje se vuelve m\u00e1s rocoso, salvaje y austero. A medida que se gana altura, las condiciones clim\u00e1ticas empeoran: el viento se intensifica, las nubes golpean el rostro y el ox\u00edgeno escasea. <\/p>\n\n<p>Despu\u00e9s de un tiempo, el sendero de caminata se transforma en un tramo de escalada. Resulta algo sorprendente, ya que hasta ese momento se segu\u00eda un camino bastante marcado y, de repente, aparecen rocas bloqueando el paso. Uno se pregunta si debe rodearlas o subirlas. La respuesta es s\u00ed: hay que escalarlas.   <\/p>\n<div class=\"wp-block-image wp-image-214492 size-full\">\n<figure class=\"alignright\"><img fetchpriority=\"high\" decoding=\"async\" width=\"400\" height=\"267\" src=\"https:\/\/test.visit-latin-america.com\/wp-content\/uploads\/2023\/02\/le-volcan-Rucu-Pichincha-et-les-montagnes.-12-2048x1365-red.jpg\" alt=\"Foto: Simone Guerron\" class=\"wp-image-214492\" srcset=\"https:\/\/visit-latin-america.com\/wp-content\/uploads\/2023\/02\/le-volcan-Rucu-Pichincha-et-les-montagnes.-12-2048x1365-red.jpg 400w, https:\/\/visit-latin-america.com\/wp-content\/uploads\/2023\/02\/le-volcan-Rucu-Pichincha-et-les-montagnes.-12-2048x1365-red-300x200.jpg 300w\" sizes=\"(max-width: 400px) 100vw, 400px\" \/><figcaption class=\"wp-element-caption\">Foto de Simone Guerron<\/figcaption><\/figure>\n<\/div>\n<p>Cuando se comienza a escalar las partes rocosas, la cima no est\u00e1 lejos. Y la pendiente se vuelve realmente empinada. Aparecen las dificultades respiratorias. Ahora estamos a 4.500 m: incluso caminar se vuelve muy dif\u00edcil. Se fuerzan 10 pasos y hay que detenerse a descansar. Luego otros 10 pasos, y otra pausa para recuperar el aliento.     <\/p>\n\n<p>Llegar a la cima es una gran sensaci\u00f3n. La falta de ox\u00edgeno desaparece y es reemplazada por la alegr\u00eda. Se siente un verdadero orgullo por no haber abandonado. Y en la cima, se agradece poder volver a caminar sobre terreno plano.   <\/p>\n\n<h3 class=\"wp-block-heading\">Consejo: \u00bfC\u00f3mo prepararse para la altitud?<\/h3>\n\n<p>\u201cSe recomienda permanecer en Quito al menos 2 o 3 d\u00edas antes de intentar la ascensi\u00f3n, para permitir que el cuerpo produzca suficientes gl\u00f3bulos rojos. A\u00fan mejor ser\u00eda visitar algunos lugares alrededor de Quito a mayor altitud, para estimular realmente el proceso de aclimataci\u00f3n. <\/p>\n\n<p>Esta caminata deber\u00eda realizarse por la ma\u00f1ana, ya que el clima suele empeorar por la tarde. Es muy recomendable estar listo para subir en cuanto abra el telef\u00e9rico, lo que aumenta las posibilidades de buen clima y de una excelente vista desde la cima. <\/p>\n\n<p>Disfrute del recorrido\u2026\u201d<br\/> <br\/> <br\/><\/p>\n","protected":false},"excerpt":{"rendered":"<p>Acepta el reto del Rucu Pichincha, un impresionante pico situado cerca de Quito. Se puede acceder a \u00e9l en telef\u00e9rico y ofrece unas vistas impresionantes y una aventura \u00fanica en Ecuador. <\/p>\n","protected":false},"author":1,"featured_media":243895,"comment_status":"closed","ping_status":"closed","sticky":false,"template":"","format":"standard","meta":{"footnotes":""},"categories":[23173],"tags":[39509,39524,39501,39508,36810,39518,39500,39519,39502,39511,39514,36641,29677,39521,28202,39516,39498,39512,39523,39510,39522,39505,39506,39520,39497,38566,39473,39503,39495,39517,39496,39507,39499,39504,39513,39515,39494,28206],"class_list":["post-243894","post","type-post","status-publish","format-standard","has-post-thumbnail","hentry","category-destinos","tag-aclimatacion-a-la-altura","tag-actividades-al-aire-libre-ecuador","tag-alta-montana-ecuador","tag-altitud-en-quito","tag-andes-ecuatorianos","tag-ascension-volcan-quito","tag-ascenso-a-volcan","tag-aventura-en-los-andes","tag-caminata-en-los-andes","tag-cima-del-rucu-pichincha","tag-cordillera-de-los-andes-2","tag-crater-volcanico","tag-ecuador-2","tag-excursiones-de-montana-ecuador","tag-excursiones-desde-quito","tag-experiencia-de-montana","tag-guagua-pichincha","tag-hiking-ecuador","tag-montana-en-quito","tag-montanismo-ecuador","tag-naturaleza-andina","tag-naturaleza-en-ecuador","tag-paisaje-andino","tag-paisaje-volcanico","tag-pichincha-viejo","tag-quito-es","tag-rucu-pichincha-es","tag-rutas-de-senderismo-quito","tag-senderismo-en-ecuador","tag-sendero-del-pichincha","tag-teleferico-de-quito","tag-trekking-altoandino","tag-trekking-en-quito","tag-turismo-de-aventura-ecuador","tag-turismo-natural-quito","tag-vistas-de-quito","tag-volcan-pichincha","tag-volcanes-de-ecuador"],"_links":{"self":[{"href":"https:\/\/visit-latin-america.com\/es\/wp-json\/wp\/v2\/posts\/243894","targetHints":{"allow":["GET"]}}],"collection":[{"href":"https:\/\/visit-latin-america.com\/es\/wp-json\/wp\/v2\/posts"}],"about":[{"href":"https:\/\/visit-latin-america.com\/es\/wp-json\/wp\/v2\/types\/post"}],"author":[{"embeddable":true,"href":"https:\/\/visit-latin-america.com\/es\/wp-json\/wp\/v2\/users\/1"}],"replies":[{"embeddable":true,"href":"https:\/\/visit-latin-america.com\/es\/wp-json\/wp\/v2\/comments?post=243894"}],"version-history":[{"count":1,"href":"https:\/\/visit-latin-america.com\/es\/wp-json\/wp\/v2\/posts\/243894\/revisions"}],"predecessor-version":[{"id":243896,"href":"https:\/\/visit-latin-america.com\/es\/wp-json\/wp\/v2\/posts\/243894\/revisions\/243896"}],"wp:featuredmedia":[{"embeddable":true,"href":"https:\/\/visit-latin-america.com\/es\/wp-json\/wp\/v2\/media\/243895"}],"wp:attachment":[{"href":"https:\/\/visit-latin-america.com\/es\/wp-json\/wp\/v2\/media?parent=243894"}],"wp:term":[{"taxonomy":"category","embeddable":true,"href":"https:\/\/visit-latin-america.com\/es\/wp-json\/wp\/v2\/categories?post=243894"},{"taxonomy":"post_tag","embeddable":true,"href":"https:\/\/visit-latin-america.com\/es\/wp-json\/wp\/v2\/tags?post=243894"}],"curies":[{"name":"wp","href":"https:\/\/api.w.org\/{rel}","templated":true}]}}