{"id":243933,"date":"2023-02-03T17:25:00","date_gmt":"2023-02-03T15:25:00","guid":{"rendered":"https:\/\/visit-latin-america.com\/canar-capital-arqueologica-y-cultural-de-ecuador\/"},"modified":"2026-04-24T17:27:27","modified_gmt":"2026-04-24T15:27:27","slug":"canar-capital-arqueologica-y-cultural-de-ecuador","status":"publish","type":"post","link":"https:\/\/visit-latin-america.com\/es\/canar-capital-arqueologica-y-cultural-de-ecuador\/","title":{"rendered":"Ca\u00f1ar, capital arqueol\u00f3gica y cultural de Ecuador"},"content":{"rendered":"\n<p>Hace un a\u00f1o, Ca\u00f1ar fue declarada capital arqueol\u00f3gica y cultural de <a href=\"https:\/\/visit-latin-america.com\/es\/p\/ecuador\/\" target=\"_blank\" rel=\"noopener\">Ecuador<\/a>. En este art\u00edculo descubre algunas de las razones por las que este cant\u00f3n se ha convertido en uno de los destinos tur\u00edsticos m\u00e1s importantes del pa\u00eds.<\/p>\n\n<hr class=\"wp-block-separator has-alpha-channel-opacity\"\/>\n\n<p><strong> <\/strong>Ca\u00f1ar se encuentra a 281 km al sur de Quito y a 36 km al norte de <em>Azogues<\/em>, en la <em>provincia de Ca\u00f1ar<\/em>. El 26 de enero de 2001 fue declarada capital arqueol\u00f3gica y cultural de Ecuador, ya que es la cuna de la <em>gran naci\u00f3n ca\u00f1ari<\/em>, una cultura que surgi\u00f3 en estos territorios alrededor de 2.000 a\u00f1os antes de Cristo (\u00e9poca Narr\u00edo) y que ha dejado un gran legado en materia de arte y tradiciones cer\u00e1micas. <\/p>\n\n<p>Quienes visitan Ca\u00f1ar encuentran una amplia gama de posibilidades tur\u00edsticas, ya que adem\u00e1s de sus importantes recursos arqueol\u00f3gicos y culturales, este cant\u00f3n est\u00e1 rodeado de magn\u00edficos espacios naturales.<\/p>\n\n<p>\u00a0<\/p>\n\n<p>A continuaci\u00f3n, algunas de las atracciones que no deben perderse durante la visita:<\/p>\n\n<h2 class=\"wp-block-heading\"> <strong>Complejo arqueol\u00f3gico de Ingapirca<\/strong><\/h2>\n<div class=\"wp-block-image\">\n<figure class=\"alignleft\"><img fetchpriority=\"high\" decoding=\"async\" width=\"400\" height=\"268\" src=\"https:\/\/test.visit-latin-america.com\/wp-content\/uploads\/2023\/02\/ingapirca-001-red.jpg\" alt=\"\" class=\"wp-image-214360\" srcset=\"https:\/\/visit-latin-america.com\/wp-content\/uploads\/2023\/02\/ingapirca-001-red.jpg 400w, https:\/\/visit-latin-america.com\/wp-content\/uploads\/2023\/02\/ingapirca-001-red-300x201.jpg 300w\" sizes=\"(max-width: 400px) 100vw, 400px\" \/><\/figure>\n<\/div>\n<p>Es considerado el sitio arqueol\u00f3gico m\u00e1s grande y mejor conservado de Ecuador. Su nombre, derivado del quechua, significa \u201cmuro o pared del Inca\u201d. <\/p>\n\n<p>Es la joya tur\u00edstica del cant\u00f3n y de la provincia. All\u00ed se encuentran los restos de un templo ceremonial de forma el\u00edptica, antiguos dep\u00f3sitos, viviendas y otras estructuras. <\/p>\n\n<p>En los alrededores del complejo tambi\u00e9n pueden observarse formaciones rocosas de gran inter\u00e9s como la \u201cCara del Inca\u201d. Por otro lado, un museo en el sitio exhibe valiosas piezas arqueol\u00f3gicas de cer\u00e1mica, hueso y metal correspondientes a las culturas <em>ca\u00f1ari <\/em>e <em>inca<\/em>. <\/p>\n\n<p>\u00a0<\/p>\n<div class=\"wp-block-image\">\n<figure class=\"alignright\"><img decoding=\"async\" width=\"400\" height=\"300\" src=\"https:\/\/test.visit-latin-america.com\/wp-content\/uploads\/2023\/02\/laguna-de-culebrillas-canar-red.jpg\" alt=\"\" class=\"wp-image-214361\" srcset=\"https:\/\/visit-latin-america.com\/wp-content\/uploads\/2023\/02\/laguna-de-culebrillas-canar-red.jpg 400w, https:\/\/visit-latin-america.com\/wp-content\/uploads\/2023\/02\/laguna-de-culebrillas-canar-red-300x225.jpg 300w\" sizes=\"(max-width: 400px) 100vw, 400px\" \/><\/figure>\n<\/div>\n<h3 class=\"wp-block-heading\"><strong>Laguna de Culebrillas<\/strong><\/h3>\n\n<p>Esta laguna es considerada un lugar sagrado, ya que seg\u00fan la leyenda, la <em>serpiente creadora<\/em> de la <em>naci\u00f3n ca\u00f1ari<\/em> se ocult\u00f3 en sus aguas despu\u00e9s de un gran diluvio universal.<\/p>\n\n<p>La laguna se encuentra a 3.860 metros de altitud y est\u00e1 rodeada de <em>p\u00e1ramo<\/em>, la vegetaci\u00f3n t\u00edpica andina. En sus alrededores existen importantes restos arqueol\u00f3gicos como <em>Labrashcarumi <\/em>(un antiguo taller de piedra) y Paredones (un tambo que alberg\u00f3 durante siglos a los viajeros que atravesaban la regi\u00f3n). <\/p>\n\n<p>\u00a0<\/p>\n\n<p>\u00a0<\/p>\n\n<h3 class=\"wp-block-heading\"><strong>Qhapaq \u00d1an<\/strong><\/h3>\n<div class=\"wp-block-image\">\n<figure class=\"alignleft\"><img decoding=\"async\" width=\"400\" height=\"300\" src=\"https:\/\/test.visit-latin-america.com\/wp-content\/uploads\/2023\/02\/captura-de-pantalla-2023-01-26-a-las-095820-1024x768-red.jpg\" alt=\"\" class=\"wp-image-214362\" srcset=\"https:\/\/visit-latin-america.com\/wp-content\/uploads\/2023\/02\/captura-de-pantalla-2023-01-26-a-las-095820-1024x768-red.jpg 400w, https:\/\/visit-latin-america.com\/wp-content\/uploads\/2023\/02\/captura-de-pantalla-2023-01-26-a-las-095820-1024x768-red-300x225.jpg 300w\" sizes=\"(max-width: 400px) 100vw, 400px\" \/><\/figure>\n<\/div>\n<p>Conocido en espa\u00f1ol como \u201cEl Gran Camino del Inca\u201d, es el antiguo sistema vial andino, formado por una red de rutas estrat\u00e9gicamente organizadas para recorrer toda la geograf\u00eda andina.<\/p>\n\n<p>En 2014, el <em>Qhapaq \u00d1an<\/em> fue declarado Patrimonio Mundial por la UNESCO. El tramo mejor conservado en Ecuador atraviesa el Parque Nacional Sangay, en la zona alta de la <em>laguna de <\/em><em>Culebrillas<\/em>. A lo largo del recorrido es posible descubrir restos arqueol\u00f3gicos, as\u00ed como la flora y fauna t\u00edpica del p\u00e1ramo y los bosques montanos de la <em>provincia de Ca\u00f1ar<\/em>.  <\/p>\n\n<p>\u00a0<\/p>\n\n<p>\u00a0<\/p>\n\n<h3 class=\"wp-block-heading\"><strong>Museo arqueol\u00f3gico y etnogr\u00e1fico Guantug<\/strong><\/h3>\n<div class=\"wp-block-image\">\n<figure class=\"alignright\"><img loading=\"lazy\" decoding=\"async\" width=\"400\" height=\"300\" src=\"https:\/\/test.visit-latin-america.com\/wp-content\/uploads\/2023\/02\/tejedor-museo-guantug-canar-red.jpg\" alt=\"\" class=\"wp-image-214363\" srcset=\"https:\/\/visit-latin-america.com\/wp-content\/uploads\/2023\/02\/tejedor-museo-guantug-canar-red.jpg 400w, https:\/\/visit-latin-america.com\/wp-content\/uploads\/2023\/02\/tejedor-museo-guantug-canar-red-300x225.jpg 300w\" sizes=\"(max-width: 400px) 100vw, 400px\" \/><\/figure>\n<\/div>\n<p>Se encuentra en el <em>parque recreativo Guantug<\/em>. Su sala arqueol\u00f3gica exhibe cuencos, ar\u00edbalos, hachas, flautas, amuletos y otros objetos de cer\u00e1mica, hueso, concha y oro de las <em>culturas ca\u00f1ari e inca.<\/em> <\/p>\n\n<p>La sala etnogr\u00e1fica recrea escenas de la vida cotidiana, celebraciones y vestimenta de las comunidades m\u00e1s representativas del cant\u00f3n, cuya historia y colorido fascinan a los visitantes.<\/p>\n\n<p>\u00a0<\/p>\n\n<h3 class=\"wp-block-heading\"><strong>Etnia ca\u00f1ari<\/strong><\/h3>\n<div class=\"wp-block-image\">\n<figure class=\"alignleft\"><img loading=\"lazy\" decoding=\"async\" width=\"400\" height=\"321\" src=\"https:\/\/test.visit-latin-america.com\/wp-content\/uploads\/2023\/02\/captura-de-pantalla-2023-01-26-a-las-red.jpg\" alt=\"\" class=\"wp-image-214364\" srcset=\"https:\/\/visit-latin-america.com\/wp-content\/uploads\/2023\/02\/captura-de-pantalla-2023-01-26-a-las-red.jpg 400w, https:\/\/visit-latin-america.com\/wp-content\/uploads\/2023\/02\/captura-de-pantalla-2023-01-26-a-las-red-300x241.jpg 300w\" sizes=\"(max-width: 400px) 100vw, 400px\" \/><\/figure>\n<\/div>\n<p>Este grupo \u00e9tnico, descendiente de los antiguos pobladores de las regiones de <em>Ca\u00f1ar <\/em>y <em>Azuay<\/em>, cuenta con una poblaci\u00f3n aproximada de 150.000 personas. Aunque antiguamente hablaban \u201cca\u00f1ari\u201d, actualmente hablan quechua y espa\u00f1ol. <\/p>\n\n<p>Su forma de vida se basa en la ganader\u00eda y la agricultura, y en menor medida en la producci\u00f3n artesanal. Son conocidos por su valent\u00eda y su apego a las tradiciones y costumbres ancestrales. <\/p>\n\n<p>La etnia ca\u00f1ari ha sido sin duda un factor clave en la declaraci\u00f3n de Ca\u00f1ar como capital arqueol\u00f3gica y cultural de Ecuador, ya que sus miembros han preservado su memoria hist\u00f3rica, costumbres y tradiciones, reflejadas en su vestimenta, m\u00fasica, leyendas, gastronom\u00eda y festividades.<\/p>\n\n<p>\u00a0<\/p>\n\n<h3 class=\"wp-block-heading\"><strong>Santuario de San Antonio<\/strong><\/h3>\n<div class=\"wp-block-image\">\n<figure class=\"alignright\"><img loading=\"lazy\" decoding=\"async\" width=\"400\" height=\"300\" src=\"https:\/\/test.visit-latin-america.com\/wp-content\/uploads\/2023\/02\/san-antonio-canar-red.jpg\" alt=\"\" class=\"wp-image-214365\" srcset=\"https:\/\/visit-latin-america.com\/wp-content\/uploads\/2023\/02\/san-antonio-canar-red.jpg 400w, https:\/\/visit-latin-america.com\/wp-content\/uploads\/2023\/02\/san-antonio-canar-red-300x225.jpg 300w\" sizes=\"(max-width: 400px) 100vw, 400px\" \/><\/figure>\n<\/div>\n<p>Este santuario, que data de 1934, se encuentra en el hermoso mirador de San Antonio, a 3.260 metros de altitud. Seg\u00fan los habitantes locales, en 1958 ocurri\u00f3 un milagro eucar\u00edstico en este templo, cuando durante una misa los feligreses vieron aparecer el rostro de Jes\u00fas en la custodia. <\/p>\n\n<p>La belleza arquitect\u00f3nica del templo lo convierte en un lugar ideal para los amantes del turismo cultural y religioso.<\/p>\n\n<p>\u00a0<\/p>\n\n<h3 class=\"wp-block-heading\"><strong>Mercado central<\/strong><\/h3>\n<div class=\"wp-block-image\">\n<figure class=\"alignleft\"><img loading=\"lazy\" decoding=\"async\" width=\"400\" height=\"268\" src=\"https:\/\/test.visit-latin-america.com\/wp-content\/uploads\/2023\/02\/captura-de-pantalla-2023-01-26-a-las-red-1.jpg\" alt=\"\" class=\"wp-image-214366\" srcset=\"https:\/\/visit-latin-america.com\/wp-content\/uploads\/2023\/02\/captura-de-pantalla-2023-01-26-a-las-red-1.jpg 400w, https:\/\/visit-latin-america.com\/wp-content\/uploads\/2023\/02\/captura-de-pantalla-2023-01-26-a-las-red-1-300x201.jpg 300w\" sizes=\"(max-width: 400px) 100vw, 400px\" \/><\/figure>\n<\/div>\n<p>Es el lugar ideal para quienes buscan una experiencia inmersiva para conocer las costumbres de la poblaci\u00f3n local, as\u00ed como los procesos de distribuci\u00f3n y venta de productos b\u00e1sicos (alimentos, ropa y artesan\u00edas). Tambi\u00e9n es posible disfrutar de la gastronom\u00eda t\u00edpica, como el <em>cuy <\/em>con papas, los <em>chiviles <\/em>y la <em>fritada<\/em>. <\/p>\n\n<p>\u00a0<\/p>\n\n<p>\u00a0<\/p>\n\n<p><em>Fotos: <a href=\"https:\/\/ecuador.travel\/\" data-type=\"link\" data-id=\"https:\/\/ecuador.travel\/\" target=\"_blank\" rel=\"noreferrer noopener\"><mark style=\"background-color:rgba(0, 0, 0, 0)\" class=\"has-inline-color has-black-color\">Ecuador Travel<\/mark><\/a><\/em><\/p>\n\n<div style=\"height:20px\" aria-hidden=\"true\" class=\"wp-block-spacer\"><\/div>\n\n<figure class=\"wp-block-embed is-type-video is-provider-youtube wp-block-embed-youtube wp-embed-aspect-16-9 wp-has-aspect-ratio\"><div class=\"wp-block-embed__wrapper\">\n<iframe title=\"CAN\u0303AR\" width=\"800\" height=\"450\" src=\"https:\/\/www.youtube.com\/embed\/5PmcRaRhs2s?feature=oembed\" frameborder=\"0\" allow=\"accelerometer; autoplay; clipboard-write; encrypted-media; gyroscope; picture-in-picture; web-share\" referrerpolicy=\"strict-origin-when-cross-origin\" allowfullscreen><\/iframe>\n<\/div><\/figure>\n\n<p>\u00a0<\/p>\n","protected":false},"excerpt":{"rendered":"<p>Descubre Ca\u00f1ar, la capital arqueol\u00f3gica y cultural de Ecuador. Descubre su rico patrimonio, sus yacimientos hist\u00f3ricos y su papel fundamental en la cultura andina. <\/p>\n","protected":false},"author":1,"featured_media":243934,"comment_status":"closed","ping_status":"closed","sticky":false,"template":"","format":"standard","meta":{"footnotes":""},"categories":[23173],"tags":[39646,39660,39679,39665,39654,39683,39655,39652,39669,39658,39678,39682,39685,39677,39657,39659,39663,39676,39667,39661,39656,39672,38872,39666,39680,39684,39662,39673,39674,39664,39670,39671,39653,39668,39675,39681],"class_list":["post-243933","post","type-post","status-publish","format-standard","has-post-thumbnail","hentry","category-destinos","tag-andes-ecuador-es","tag-arqueologia-ecuador","tag-azogues-canar","tag-camino-del-inca-ecuador","tag-canar-ecuador-2","tag-capital-arqueologica-ecuador","tag-complejo-arqueologico-ingapirca","tag-comunidad-canari","tag-cultura-andina-ecuador","tag-cultura-canari","tag-cuy-con-papas-ecuador","tag-destinos-ecuador","tag-etnografia-canari","tag-gastronomia-canari","tag-historia-precolombina-ecuador","tag-ingapirca","tag-laguna-de-culebrillas","tag-mercados-tradicionales-ecuador","tag-museo-guantug","tag-museos-canar","tag-nacion-canari","tag-paramo-andino","tag-parque-nacional-sangay","tag-patrimonio-unesco-ecuador","tag-provincias-del-ecuador","tag-pueblos-indigenas-ecuador","tag-qhapaq-nan-ecuador","tag-san-antonio-canar","tag-santuario-san-antonio-ecuador","tag-sitios-arqueologicos-ecuador","tag-tradiciones-andinas-ecuador","tag-turismo-arqueologico-ecuador","tag-turismo-canar","tag-turismo-cultural-ecuador","tag-turismo-religioso-ecuador","tag-viajes-ecuador"],"_links":{"self":[{"href":"https:\/\/visit-latin-america.com\/es\/wp-json\/wp\/v2\/posts\/243933","targetHints":{"allow":["GET"]}}],"collection":[{"href":"https:\/\/visit-latin-america.com\/es\/wp-json\/wp\/v2\/posts"}],"about":[{"href":"https:\/\/visit-latin-america.com\/es\/wp-json\/wp\/v2\/types\/post"}],"author":[{"embeddable":true,"href":"https:\/\/visit-latin-america.com\/es\/wp-json\/wp\/v2\/users\/1"}],"replies":[{"embeddable":true,"href":"https:\/\/visit-latin-america.com\/es\/wp-json\/wp\/v2\/comments?post=243933"}],"version-history":[{"count":1,"href":"https:\/\/visit-latin-america.com\/es\/wp-json\/wp\/v2\/posts\/243933\/revisions"}],"predecessor-version":[{"id":243935,"href":"https:\/\/visit-latin-america.com\/es\/wp-json\/wp\/v2\/posts\/243933\/revisions\/243935"}],"wp:featuredmedia":[{"embeddable":true,"href":"https:\/\/visit-latin-america.com\/es\/wp-json\/wp\/v2\/media\/243934"}],"wp:attachment":[{"href":"https:\/\/visit-latin-america.com\/es\/wp-json\/wp\/v2\/media?parent=243933"}],"wp:term":[{"taxonomy":"category","embeddable":true,"href":"https:\/\/visit-latin-america.com\/es\/wp-json\/wp\/v2\/categories?post=243933"},{"taxonomy":"post_tag","embeddable":true,"href":"https:\/\/visit-latin-america.com\/es\/wp-json\/wp\/v2\/tags?post=243933"}],"curies":[{"name":"wp","href":"https:\/\/api.w.org\/{rel}","templated":true}]}}