{"id":244049,"date":"2026-04-29T15:15:36","date_gmt":"2026-04-29T13:15:36","guid":{"rendered":"https:\/\/visit-latin-america.com\/?p=244049"},"modified":"2026-04-29T15:15:37","modified_gmt":"2026-04-29T13:15:37","slug":"4-destinos-de-america-latina-entre-los-lugares-mas-hermosos-del-mundo-segun-time-out-en-2026","status":"publish","type":"post","link":"https:\/\/visit-latin-america.com\/es\/4-destinos-de-america-latina-entre-los-lugares-mas-hermosos-del-mundo-segun-time-out-en-2026\/","title":{"rendered":"4 destinos de Am\u00e9rica Latina entre los lugares m\u00e1s hermosos del mundo seg\u00fan Time Out en 2026"},"content":{"rendered":"\n<p>Una laguna que pasa del azul profundo al turquesa seg\u00fan su profundidad, un glaciar que se agrieta y se desprende ante los ojos de los visitantes, un altiplano donde los lagos cambian del verde al rojo, y ruinas incas accesibles solo tras varios d\u00edas de caminata. Esta es la imagen de Am\u00e9rica Latina que traza la edici\u00f3n 2026 de \u201c<strong><a href=\"https:\/\/www.timeout.com\/travel\/worlds-most-beautiful-places\" target=\"_blank\" rel=\"noreferrer noopener\"><mark style=\"background-color:rgba(0, 0, 0, 0)\" class=\"has-inline-color has-black-color\">The 51 most beautiful places in the world<\/mark><\/a><\/strong>\u201d publicada por <a href=\"https:\/\/www.timeout.com\/travel\/worlds-most-beautiful-places\" target=\"_blank\" rel=\"noreferrer noopener\"><strong><mark style=\"background-color:rgba(0, 0, 0, 0)\" class=\"has-inline-color has-black-color\">Time Out<\/mark><\/strong><\/a>.  <\/p>\n\n<p>En esta selecci\u00f3n, la regi\u00f3n se distingue no por la acumulaci\u00f3n de sitios ic\u00f3nicos, sino por la fuerza de paisajes donde la belleza no se revela de inmediato ni de forma est\u00e1tica, sino a lo largo del recorrido. Cuatro destinos que se alejan de las rutas m\u00e1s transitadas y ampl\u00edan la mirada hacia otros territorios. <\/p>\n\n<hr class=\"wp-block-separator has-alpha-channel-opacity\"\/>\n\n<h2 class=\"wp-block-heading\"><strong>Choquequirao: entre trekking y arqueolog\u00eda en los Andes del sur<\/strong><\/h2>\n<div class=\"wp-block-image\">\n<figure class=\"alignright size-full is-resized\"><img fetchpriority=\"high\" decoding=\"async\" width=\"1000\" height=\"563\" src=\"https:\/\/visit-latin-america.com\/wp-content\/uploads\/2026\/04\/Choquequirao.jpg\" alt=\"\" class=\"wp-image-244030\" style=\"aspect-ratio:1.7762505782065685;width:348px;height:auto\" srcset=\"https:\/\/visit-latin-america.com\/wp-content\/uploads\/2026\/04\/Choquequirao.jpg 1000w, https:\/\/visit-latin-america.com\/wp-content\/uploads\/2026\/04\/Choquequirao-300x169.jpg 300w, https:\/\/visit-latin-america.com\/wp-content\/uploads\/2026\/04\/Choquequirao-768x432.jpg 768w\" sizes=\"(max-width: 1000px) 100vw, 1000px\" \/><\/figure>\n<\/div>\n<p>Clasificada en el puesto 15, Choquequirao (\u201c<em>Cuna de Oro<\/em>\u201d en quechua) suele presentarse como<strong> la \u201chermana\u201d <\/strong><strong>de Machu Picchu<\/strong>. Situada en <strong>una zona de transici\u00f3n entre los Andes y la Amazon\u00eda peruana<\/strong>, est\u00e1 rodeada de una vegetaci\u00f3n densa. Construida en el siglo XVI bajo el Imperio inca, se despliega en terrazas y estructuras distribuidas en distintos niveles de la monta\u00f1a. Su funci\u00f3n exacta no est\u00e1 completamente definida, aunque probablemente cumpli\u00f3 un papel ceremonial y sirvi\u00f3 de enlace entre varios territorios clave del sur andino.   <\/p>\n\n<p>Gran parte de su atractivo reside en que solo una fracci\u00f3n del sitio ha sido restaurada, mientras que cerca del 80 % permanece cubierta por bosque nuboso, lo que implica que las investigaciones arqueol\u00f3gicas siguen en curso.<\/p>\n\n<p>Para los visitantes, la experiencia es inseparable de la caminata. La ruta m\u00e1s frecuente parte de <strong>Cachora <\/strong>y requiere entre cuatro y cinco d\u00edas ida y vuelta, atravesando el <strong>ca\u00f1\u00f3n del Apur\u00edmac<\/strong>, con descensos pronunciados y ascensos exigentes. Una vez en el sitio, la visita se realiza con relativa libertad, con una afluencia mucho menor que en otros lugares del pa\u00eds.  <\/p>\n\n<p>Algunos itinerarios incluso prolongan la experiencia hasta Machu Picchu, con trekkings de hasta nueve d\u00edas que integran otros sitios incas menos visitados.<\/p>\n\n<div style=\"height:60px\" aria-hidden=\"true\" class=\"wp-block-spacer\"><\/div>\n\n<h2 class=\"wp-block-heading\"><strong>Altiplano boliviano: lagos de colores cambiantes en un territorio sin l\u00edmites<\/strong><\/h2>\n<div class=\"wp-block-image\">\n<figure class=\"alignleft size-full is-resized\"><img decoding=\"async\" width=\"1000\" height=\"666\" src=\"https:\/\/visit-latin-america.com\/wp-content\/uploads\/2026\/04\/Laguna-Verde.jpg\" alt=\"\" class=\"wp-image-244036\" style=\"aspect-ratio:1.501508211373031;object-fit:cover;width:348px\" srcset=\"https:\/\/visit-latin-america.com\/wp-content\/uploads\/2026\/04\/Laguna-Verde.jpg 1000w, https:\/\/visit-latin-america.com\/wp-content\/uploads\/2026\/04\/Laguna-Verde-300x200.jpg 300w, https:\/\/visit-latin-america.com\/wp-content\/uploads\/2026\/04\/Laguna-Verde-768x511.jpg 768w\" sizes=\"(max-width: 1000px) 100vw, 1000px\" \/><\/figure>\n<\/div>\n<p><strong><a href=\"https:\/\/visit-latin-america.com\/es\/p\/bolivia\/\" target=\"_blank\" rel=\"noreferrer noopener\"><mark style=\"background-color:rgba(0, 0, 0, 0)\" class=\"has-inline-color has-black-color\">Bolivia<\/mark><\/a><\/strong> aparece en la clasificaci\u00f3n a trav\u00e9s de uno de los paisajes m\u00e1s extensos y cambiantes del continente. Situado a m\u00e1s de 3.700 metros de altitud y en el puesto 21, el Altiplano no se entiende desde un punto fijo, sino a trav\u00e9s de un territorio marcado por volcanes, desiertos de sal y lagunas de tonalidades minerales. <\/p>\n\n<p>Entre los paisajes m\u00e1s emblem\u00e1ticos se encuentran la <strong>Laguna Verde<\/strong> y la <strong>Laguna Colorada<\/strong>, cuyos colores var\u00edan seg\u00fan la luz, en un entorno de desierto de altura y colonias de flamencos. El <strong><a href=\"https:\/\/visit-latin-america.com\/es\/salar-de-uyuni-el-espejo-de-los-cielos\/\" target=\"_blank\" rel=\"noreferrer noopener\">Salar de Uyuni<\/a><\/strong> constituye su imagen m\u00e1s conocida: una superficie blanca con formas hexagonales en temporada seca o un espejo que refleja el cielo durante la temporada de lluvias. <\/p>\n\n<div style=\"height:50px\" aria-hidden=\"true\" class=\"wp-block-spacer\"><\/div>\n\n<p><strong><em>Nuestro art\u00edculo:<\/em><\/strong> <strong><em><a href=\"https:\/\/visit-latin-america.com\/es\/sur-de-lipez-maravilla-del-altiplano\/\" target=\"_blank\" rel=\"noreferrer noopener\">Sud L\u00edpez: maravilla del Altiplano<\/a><\/em><\/strong><\/p>\n\n<div style=\"height:60px\" aria-hidden=\"true\" class=\"wp-block-spacer\"><\/div>\n\n<h2 class=\"wp-block-heading\"><strong>Bacalar: una laguna de siete tonalidades en movimiento<\/strong><\/h2>\n\n<p>Ubicada en el sur de <strong>Quintana Roo<\/strong>, en <strong><a href=\"https:\/\/visit-latin-america.com\/es\/p\/peru\/\" target=\"_blank\" rel=\"noreferrer noopener\"><mark style=\"background-color:rgba(0, 0, 0, 0)\" class=\"has-inline-color has-black-color\">M\u00e9xico<\/mark><\/a><\/strong>, cerca de la frontera con <a href=\"https:\/\/visit-latin-america.com\/es\/p\/belize\/\" target=\"_blank\" rel=\"noreferrer noopener\"><strong><mark style=\"background-color:rgba(0, 0, 0, 0)\" class=\"has-inline-color has-black-color\">Belice<\/mark><\/strong><\/a>, la<strong> laguna de Bacalar<\/strong> se extiende a lo largo de casi 60 kil\u00f3metros y ocupa el puesto 31. Su nombre maya, <em>bakhalal<\/em>, hace referencia a los juncos que la rodean. Su particularidad reside en sus constantes variaciones de color, entre azules, verdes y turquesas, seg\u00fan la profundidad y la luz.  <\/p>\n\n<p>El recorrido se realiza principalmente en embarcaci\u00f3n, con pasos por el <strong>Canal de los Piratas<\/strong> y el<strong> Cenote Negro<\/strong>. Tambi\u00e9n se pueden observar estromatolitos, formaciones creadas por microorganismos que constituyen algunas de las evidencias m\u00e1s antiguas de vida en la Tierra, cuya fragilidad exige no tocarlos. <\/p>\n\n<p>La visita puede completarse con el<strong> Cenote Azul<\/strong>, Los R\u00e1pidos\u2014donde la corriente permite dejarse llevar\u2014y el <strong>Fuerte de San Felipe<\/strong>, que recuerda la historia defensiva de la regi\u00f3n.<\/p>\n\n<div style=\"height:50px\" aria-hidden=\"true\" class=\"wp-block-spacer\"><\/div>\n<blockquote class=\"instagram-media\" data-instgrm-permalink=\"https:\/\/www.instagram.com\/reel\/DXXOw29kwV9\/?utm_source=ig_embed&amp;utm_campaign=loading\" data-instgrm-version=\"14\" style=\" background:#FFF; border:0; border-radius:3px; box-shadow:0 0 1px 0 rgba(0,0,0,0.5),0 1px 10px 0 rgba(0,0,0,0.15); margin: 1px; max-width:540px; min-width:326px; padding:0; width:99.375%; width:-webkit-calc(100% - 2px); width:calc(100% - 2px);\">\n<div style=\"padding:16px;\"> <a href=\"https:\/\/www.instagram.com\/reel\/DXXOw29kwV9\/?utm_source=ig_embed&amp;utm_campaign=loading\" style=\" background:#FFFFFF; line-height:0; padding:0 0; text-align:center; text-decoration:none; width:100%;\" target=\"_blank\"> <\/p>\n<div style=\" display: flex; flex-direction: row; align-items: center;\">\n<div style=\"background-color: #F4F4F4; border-radius: 50%; flex-grow: 0; height: 40px; margin-right: 14px; width: 40px;\"><\/div>\n<div style=\"display: flex; flex-direction: column; flex-grow: 1; justify-content: center;\">\n<div style=\" background-color: #F4F4F4; border-radius: 4px; flex-grow: 0; height: 14px; margin-bottom: 6px; width: 100px;\"><\/div>\n<div style=\" background-color: #F4F4F4; border-radius: 4px; flex-grow: 0; height: 14px; width: 60px;\"><\/div>\n<\/div>\n<\/div>\n<div style=\"padding: 19% 0;\"><\/div>\n<div style=\"display:block; height:50px; margin:0 auto 12px; width:50px;\"><svg width=\"50px\" height=\"50px\" viewBox=\"0 0 60 60\" version=\"1.1\" xmlns=\"https:\/\/www.w3.org\/2000\/svg\" xmlns:xlink=\"https:\/\/www.w3.org\/1999\/xlink\"><g stroke=\"none\" stroke-width=\"1\" fill=\"none\" fill-rule=\"evenodd\"><g transform=\"translate(-511.000000, -20.000000)\" fill=\"#000000\"><g><path d=\"M556.869,30.41 C554.814,30.41 553.148,32.076 553.148,34.131 C553.148,36.186 554.814,37.852 556.869,37.852 C558.924,37.852 560.59,36.186 560.59,34.131 C560.59,32.076 558.924,30.41 556.869,30.41 M541,60.657 C535.114,60.657 530.342,55.887 530.342,50 C530.342,44.114 535.114,39.342 541,39.342 C546.887,39.342 551.658,44.114 551.658,50 C551.658,55.887 546.887,60.657 541,60.657 M541,33.886 C532.1,33.886 524.886,41.1 524.886,50 C524.886,58.899 532.1,66.113 541,66.113 C549.9,66.113 557.115,58.899 557.115,50 C557.115,41.1 549.9,33.886 541,33.886 M565.378,62.101 C565.244,65.022 564.756,66.606 564.346,67.663 C563.803,69.06 563.154,70.057 562.106,71.106 C561.058,72.155 560.06,72.803 558.662,73.347 C557.607,73.757 556.021,74.244 553.102,74.378 C549.944,74.521 548.997,74.552 541,74.552 C533.003,74.552 532.056,74.521 528.898,74.378 C525.979,74.244 524.393,73.757 523.338,73.347 C521.94,72.803 520.942,72.155 519.894,71.106 C518.846,70.057 518.197,69.06 517.654,67.663 C517.244,66.606 516.755,65.022 516.623,62.101 C516.479,58.943 516.448,57.996 516.448,50 C516.448,42.003 516.479,41.056 516.623,37.899 C516.755,34.978 517.244,33.391 517.654,32.338 C518.197,30.938 518.846,29.942 519.894,28.894 C520.942,27.846 521.94,27.196 523.338,26.654 C524.393,26.244 525.979,25.756 528.898,25.623 C532.057,25.479 533.004,25.448 541,25.448 C548.997,25.448 549.943,25.479 553.102,25.623 C556.021,25.756 557.607,26.244 558.662,26.654 C560.06,27.196 561.058,27.846 562.106,28.894 C563.154,29.942 563.803,30.938 564.346,32.338 C564.756,33.391 565.244,34.978 565.378,37.899 C565.522,41.056 565.552,42.003 565.552,50 C565.552,57.996 565.522,58.943 565.378,62.101 M570.82,37.631 C570.674,34.438 570.167,32.258 569.425,30.349 C568.659,28.377 567.633,26.702 565.965,25.035 C564.297,23.368 562.623,22.342 560.652,21.575 C558.743,20.834 556.562,20.326 553.369,20.18 C550.169,20.033 549.148,20 541,20 C532.853,20 531.831,20.033 528.631,20.18 C525.438,20.326 523.257,20.834 521.349,21.575 C519.376,22.342 517.703,23.368 516.035,25.035 C514.368,26.702 513.342,28.377 512.574,30.349 C511.834,32.258 511.326,34.438 511.181,37.631 C511.035,40.831 511,41.851 511,50 C511,58.147 511.035,59.17 511.181,62.369 C511.326,65.562 511.834,67.743 512.574,69.651 C513.342,71.625 514.368,73.296 516.035,74.965 C517.703,76.634 519.376,77.658 521.349,78.425 C523.257,79.167 525.438,79.673 528.631,79.82 C531.831,79.965 532.853,80.001 541,80.001 C549.148,80.001 550.169,79.965 553.369,79.82 C556.562,79.673 558.743,79.167 560.652,78.425 C562.623,77.658 564.297,76.634 565.965,74.965 C567.633,73.296 568.659,71.625 569.425,69.651 C570.167,67.743 570.674,65.562 570.82,62.369 C570.966,59.17 571,58.147 571,50 C571,41.851 570.966,40.831 570.82,37.631\"><\/path><\/g><\/g><\/g><\/svg><\/div>\n<div style=\"padding-top: 8px;\">\n<div style=\" color:#3897f0; font-family:Arial,sans-serif; font-size:14px; font-style:normal; font-weight:550; line-height:18px;\">Ver esta publicaci\u00f3n en Instagram<\/div>\n<\/div>\n<div style=\"padding: 12.5% 0;\"><\/div>\n<div style=\"display: flex; flex-direction: row; margin-bottom: 14px; align-items: center;\">\n<div>\n<div style=\"background-color: #F4F4F4; border-radius: 50%; height: 12.5px; width: 12.5px; transform: translateX(0px) translateY(7px);\"><\/div>\n<div style=\"background-color: #F4F4F4; height: 12.5px; transform: rotate(-45deg) translateX(3px) translateY(1px); width: 12.5px; flex-grow: 0; margin-right: 14px; margin-left: 2px;\"><\/div>\n<div style=\"background-color: #F4F4F4; border-radius: 50%; height: 12.5px; width: 12.5px; transform: translateX(9px) translateY(-18px);\"><\/div>\n<\/div>\n<div style=\"margin-left: 8px;\">\n<div style=\" background-color: #F4F4F4; border-radius: 50%; flex-grow: 0; height: 20px; width: 20px;\"><\/div>\n<div style=\" width: 0; height: 0; border-top: 2px solid transparent; border-left: 6px solid #f4f4f4; border-bottom: 2px solid transparent; transform: translateX(16px) translateY(-4px) rotate(30deg)\"><\/div>\n<\/div>\n<div style=\"margin-left: auto;\">\n<div style=\" width: 0px; border-top: 8px solid #F4F4F4; border-right: 8px solid transparent; transform: translateY(16px);\"><\/div>\n<div style=\" background-color: #F4F4F4; flex-grow: 0; height: 12px; width: 16px; transform: translateY(-4px);\"><\/div>\n<div style=\" width: 0; height: 0; border-top: 8px solid #F4F4F4; border-left: 8px solid transparent; transform: translateY(-4px) translateX(8px);\"><\/div>\n<\/div>\n<\/div>\n<div style=\"display: flex; flex-direction: column; flex-grow: 1; justify-content: center; margin-bottom: 24px;\">\n<div style=\" background-color: #F4F4F4; border-radius: 4px; flex-grow: 0; height: 14px; margin-bottom: 6px; width: 224px;\"><\/div>\n<div style=\" background-color: #F4F4F4; border-radius: 4px; flex-grow: 0; height: 14px; width: 144px;\"><\/div>\n<\/div>\n<p><\/a><\/p>\n<p style=\" color:#c9c8cd; font-family:Arial,sans-serif; font-size:14px; line-height:17px; margin-bottom:0; margin-top:8px; overflow:hidden; padding:8px 0 7px; text-align:center; text-overflow:ellipsis; white-space:nowrap;\"><a href=\"https:\/\/www.instagram.com\/reel\/DXXOw29kwV9\/?utm_source=ig_embed&amp;utm_campaign=loading\" style=\" color:#c9c8cd; font-family:Arial,sans-serif; font-size:14px; font-style:normal; font-weight:normal; line-height:17px; text-decoration:none;\" target=\"_blank\">Una publicaci\u00f3n compartida por Bacalar | Mexican Caribbean (@visitbacalar)<\/a><\/p>\n<\/div>\n<\/blockquote>\n<p><script async src=\"\/\/www.instagram.com\/embed.js\"><\/script><\/p>\n\n<div style=\"height:60px\" aria-hidden=\"true\" class=\"wp-block-spacer\"><\/div>\n\n<h2 class=\"wp-block-heading\"><strong>Glaciar Perito Moreno: entre hielo y estepa en la Patagonia<\/strong><\/h2>\n<div class=\"wp-block-image\">\n<figure class=\"alignright size-full is-resized\"><img decoding=\"async\" width=\"1000\" height=\"667\" src=\"https:\/\/visit-latin-america.com\/wp-content\/uploads\/2026\/04\/Perito-Moreno-Glacier-1.jpg\" alt=\"\" class=\"wp-image-244027\" style=\"aspect-ratio:1.4992888417882142;width:348px\" srcset=\"https:\/\/visit-latin-america.com\/wp-content\/uploads\/2026\/04\/Perito-Moreno-Glacier-1.jpg 1000w, https:\/\/visit-latin-america.com\/wp-content\/uploads\/2026\/04\/Perito-Moreno-Glacier-1-300x200.jpg 300w, https:\/\/visit-latin-america.com\/wp-content\/uploads\/2026\/04\/Perito-Moreno-Glacier-1-768x512.jpg 768w\" sizes=\"(max-width: 1000px) 100vw, 1000px\" \/><\/figure>\n<\/div>\n<p>En el <strong>Parque Nacional Los Glaciares<\/strong>, en la <strong>Patagonia argentina<\/strong>, el glaciar Perito Moreno se presenta como una masa de hielo en constante avance sobre el <strong>lago Argentino<\/strong>, uno de los pocos glaciares del mundo que no est\u00e1 en retroceso. El paisaje combina paredes de hielo de hasta 70 metros de altura con grietas de un azul intenso, en contraste con las aguas lechosas y las monta\u00f1as circundantes. <\/p>\n\n<p>La experiencia no se limita a la observaci\u00f3n. Excursiones guiadas permiten caminar sobre el glaciar, explorar sus grietas y peque\u00f1as lagunas. Navegaciones en barco ofrecen vistas cercanas de su frente, lo que permite dimensionar su escala y observar los procesos de desprendimiento.  <\/p>\n\n<p>El sitio ocupa el puesto 45 en la selecci\u00f3n y tambi\u00e9n figura entre los nominados a los <strong><a href=\"https:\/\/www.worldtravelawards.com\/\" target=\"_blank\" rel=\"noreferrer noopener\"><mark style=\"background-color:rgba(0, 0, 0, 0)\" class=\"has-inline-color has-black-color\">World Travel Awards 2026<\/mark><\/a><\/strong> en la categor\u00eda \u201cSouth America\u2019s Leading Tourist Attraction\u201d.<\/p>\n\n<div style=\"height:70px\" aria-hidden=\"true\" class=\"wp-block-spacer\"><\/div>\n\n<p>Esta selecci\u00f3n de Time Out, m\u00e1s cercana a una lectura experiencial que a un ranking t\u00e9cnico, ilustra una evoluci\u00f3n en las expectativas de los viajeros. M\u00e1s all\u00e1 de los destinos m\u00e1s visitados, el inter\u00e9s se dirige cada vez m\u00e1s hacia lugares menos evidentes, capaces de ofrecer, a trav\u00e9s de un paisaje o un recorrido, una comprensi\u00f3n m\u00e1s completa de un territorio.  <\/p>\n\n<div style=\"height:100px\" aria-hidden=\"true\" class=\"wp-block-spacer\"><\/div>\n\n<p class=\"has-small-font-size\"><em>Fotos: <\/em><a href=\"https:\/\/stock.adobe.com\/es\/contributor\/207157010\/joseluis?load_type=author&amp;prev_url=detail\" target=\"_blank\" rel=\"noreferrer noopener\"><em><mark style=\"background-color:rgba(0, 0, 0, 0)\" class=\"has-inline-color has-black-color\">Jose Luis<\/mark><\/em><\/a><em> | <\/em><a href=\"https:\/\/www.peru.travel\/\" target=\"_blank\" rel=\"noreferrer noopener\"><em><mark style=\"background-color:rgba(0, 0, 0, 0)\" class=\"has-inline-color has-black-color\">PROMPERU<\/mark><\/em><\/a><em> | D.R | <\/em><a href=\"https:\/\/www.argentina.travel\/\" target=\"_blank\" rel=\"noreferrer noopener\"><em><mark style=\"background-color:rgba(0, 0, 0, 0)\" class=\"has-inline-color has-black-color\">Visit Argentina<\/mark><\/em><\/a><\/p>\n","protected":false},"excerpt":{"rendered":"<p>Cuatro sitios de Am\u00e9rica Latina figuran en la lista Time Out 2026 de los lugares m\u00e1s hermosos del mundo\u2026<\/p>\n","protected":false},"author":11,"featured_media":244035,"comment_status":"closed","ping_status":"open","sticky":false,"template":"","format":"standard","meta":{"footnotes":""},"categories":[23279],"tags":[39800,28786,39798,39803,39794,39797,39799,39796,33472,33474,39801,39795,39725,26463,33144,39804,33453,39793,32742,39802,29585,27423,25635,39717,27512,31970,27207,39173,39104],"class_list":["post-244049","post","type-post","status-publish","format-standard","has-post-thumbnail","hentry","category-noticias","tag-altiplano-boliviano","tag-andean-landscapes-es-2","tag-bacalar-mexico-2","tag-choquequirao-peru-3","tag-destinos-fuera-de-lo-comun","tag-destinos-sudamerica-2","tag-glaciar-perito-moreno-2","tag-laguna-bacalar","tag-laguna-colorada-es","tag-laguna-verde-es","tag-lugares-mas-hermosos-del-mundo","tag-paisajes-america-latina","tag-paisajes-andinos-2","tag-patagonia-argentina-es","tag-patagonie-argentine-es","tag-patrimonio-natural-america-latina","tag-salar-de-uyuni-es","tag-sitios-naturales-america-latina","tag-slow-travel-america-latina","tag-time-out-2026-3","tag-trekking-peru","tag-turismo-america-latina","tag-turismo-argentina","tag-turismo-bolivia","tag-turismo-de-aventura","tag-turismo-de-naturaleza-america-latina","tag-turismo-experiencial","tag-turismo-mexico","tag-viaje-america-latina"],"_links":{"self":[{"href":"https:\/\/visit-latin-america.com\/es\/wp-json\/wp\/v2\/posts\/244049","targetHints":{"allow":["GET"]}}],"collection":[{"href":"https:\/\/visit-latin-america.com\/es\/wp-json\/wp\/v2\/posts"}],"about":[{"href":"https:\/\/visit-latin-america.com\/es\/wp-json\/wp\/v2\/types\/post"}],"author":[{"embeddable":true,"href":"https:\/\/visit-latin-america.com\/es\/wp-json\/wp\/v2\/users\/11"}],"replies":[{"embeddable":true,"href":"https:\/\/visit-latin-america.com\/es\/wp-json\/wp\/v2\/comments?post=244049"}],"version-history":[{"count":3,"href":"https:\/\/visit-latin-america.com\/es\/wp-json\/wp\/v2\/posts\/244049\/revisions"}],"predecessor-version":[{"id":244127,"href":"https:\/\/visit-latin-america.com\/es\/wp-json\/wp\/v2\/posts\/244049\/revisions\/244127"}],"wp:featuredmedia":[{"embeddable":true,"href":"https:\/\/visit-latin-america.com\/es\/wp-json\/wp\/v2\/media\/244035"}],"wp:attachment":[{"href":"https:\/\/visit-latin-america.com\/es\/wp-json\/wp\/v2\/media?parent=244049"}],"wp:term":[{"taxonomy":"category","embeddable":true,"href":"https:\/\/visit-latin-america.com\/es\/wp-json\/wp\/v2\/categories?post=244049"},{"taxonomy":"post_tag","embeddable":true,"href":"https:\/\/visit-latin-america.com\/es\/wp-json\/wp\/v2\/tags?post=244049"}],"curies":[{"name":"wp","href":"https:\/\/api.w.org\/{rel}","templated":true}]}}